{"id":40,"date":"2008-08-15T20:02:59","date_gmt":"2008-08-15T23:02:59","guid":{"rendered":"http:\/\/cgmodeler.wordpress.com\/?p=40"},"modified":"2017-02-27T01:52:51","modified_gmt":"2017-02-27T01:52:51","slug":"mexico-medalla-de-oro-y-plata-en-olimpiadas","status":"publish","type":"post","link":"https:\/\/cocoalopez.com\/blog\/?p=40","title":{"rendered":"M\u00e9xico medalla de oro y plata en olimpiadas"},"content":{"rendered":"<p>&nbsp;<\/p>\n<p><span class=\"arnegro14\"><img data-recalc-dims=\"1\" loading=\"lazy\" decoding=\"async\" data-attachment-id=\"2378\" data-permalink=\"https:\/\/cocoalopez.com\/blog\/?attachment_id=2378\" data-orig-file=\"https:\/\/i0.wp.com\/cocoalopez.com\/blog\/wp-content\/uploads\/2008\/08\/chrome_2017-02-26_19-52-43.png?fit=486%2C367&amp;ssl=1\" data-orig-size=\"486,367\" data-comments-opened=\"1\" data-image-meta=\"{&quot;aperture&quot;:&quot;0&quot;,&quot;credit&quot;:&quot;&quot;,&quot;camera&quot;:&quot;&quot;,&quot;caption&quot;:&quot;&quot;,&quot;created_timestamp&quot;:&quot;0&quot;,&quot;copyright&quot;:&quot;&quot;,&quot;focal_length&quot;:&quot;0&quot;,&quot;iso&quot;:&quot;0&quot;,&quot;shutter_speed&quot;:&quot;0&quot;,&quot;title&quot;:&quot;&quot;,&quot;orientation&quot;:&quot;0&quot;}\" data-image-title=\"chrome_2017-02-26_19-52-43\" data-image-description=\"\" data-image-caption=\"\" data-medium-file=\"https:\/\/i0.wp.com\/cocoalopez.com\/blog\/wp-content\/uploads\/2008\/08\/chrome_2017-02-26_19-52-43.png?fit=300%2C227&amp;ssl=1\" data-large-file=\"https:\/\/i0.wp.com\/cocoalopez.com\/blog\/wp-content\/uploads\/2008\/08\/chrome_2017-02-26_19-52-43.png?fit=486%2C367&amp;ssl=1\" class=\"size-medium wp-image-2378 alignleft\" src=\"https:\/\/i0.wp.com\/cocoalopez.com\/blog\/wp-content\/uploads\/2008\/08\/chrome_2017-02-26_19-52-43.png?resize=300%2C227\" alt=\"\" width=\"300\" height=\"227\" srcset=\"https:\/\/i0.wp.com\/cocoalopez.com\/blog\/wp-content\/uploads\/2008\/08\/chrome_2017-02-26_19-52-43.png?resize=300%2C227&amp;ssl=1 300w, https:\/\/i0.wp.com\/cocoalopez.com\/blog\/wp-content\/uploads\/2008\/08\/chrome_2017-02-26_19-52-43.png?resize=400%2C302&amp;ssl=1 400w, https:\/\/i0.wp.com\/cocoalopez.com\/blog\/wp-content\/uploads\/2008\/08\/chrome_2017-02-26_19-52-43.png?resize=200%2C150&amp;ssl=1 200w, https:\/\/i0.wp.com\/cocoalopez.com\/blog\/wp-content\/uploads\/2008\/08\/chrome_2017-02-26_19-52-43.png?resize=80%2C60&amp;ssl=1 80w, https:\/\/i0.wp.com\/cocoalopez.com\/blog\/wp-content\/uploads\/2008\/08\/chrome_2017-02-26_19-52-43.png?w=486&amp;ssl=1 486w\" sizes=\"auto, (max-width: 300px) 100vw, 300px\" \/>&#8230;&#8221;La selecci\u00f3n de estudiantes que represent\u00f3 a M\u00e9xico en la VII Olimpiada Internacional de Geograf\u00eda, obtuvo preseas de oro y plata, inform\u00f3 la Academia Mexicana de Ciencias.<\/span><\/p>\n<p>Las medallas obtenidas durante la justa efectuada en Cartago, T\u00fanez, del 7 al 12 de agosto, fueron para Francisco Javier Quezada Figueroa, de Guerrero, y Emanuel Johansen Campos, de Morelos, respectivamente.<\/p>\n<p>La competencia consisti\u00f3 en un examen escrito, con valor de 40 por ciento; un examen multimedia, con valor de 20 por ciento, y un ejercicio de trabajo de campo, que representa 40 por ciento del total. Todas las pruebas se llevan a cabo en ingl\u00e9s, que es el idioma oficial de la olimpiada.<\/p>\n<p>Ambos estudiantes coincidieron en que la parte m\u00e1s ardua de la competencia fue el trabajo de campo, donde despu\u00e9s de hacer una excursi\u00f3n por distintos puntos de T\u00fanez, desde ciudades que estaban en la costa hasta lugares en el desierto, dispusieron de una hora para hacer un mapa completo de toda una regi\u00f3n del pa\u00eds.<\/p>\n<p>La Olimpiada Internacional de Geograf\u00eda, organizada por la Uni\u00f3n Geogr\u00e1fica Internacional (IGU) y auspiciada por la Asociaci\u00f3n de Ge\u00f3grafos de T\u00fanez, re\u00fane a estudiantes de entre 16 y 19 a\u00f1os.<\/p>\n<p>En la VII edici\u00f3n de la Olimpiada Internacional de Geograf\u00eda participaron j\u00f3venes de 24 pa\u00edses, en conjunto con el Congreso Mundial de la Uni\u00f3n Geogr\u00e1fica Internacional.<\/p>\n<p>Entre los objetivos del certamen est\u00e1n promover el inter\u00e9s por la geograf\u00eda, estimular el entendimiento entre j\u00f3venes de diferentes pa\u00edses y una alta calidad de la ense\u00f1anza de la geograf\u00eda en todo el mundo.<\/p>\n<p>Los cuatro integrantes que representaron a M\u00e9xico incluyeron adem\u00e1s a Angel Aliseda Alonso, de Jalisco, y Adri\u00e1n Mendoza Velasco, del Distrito Federal, quienes fueron seleccionados entre los medallistas de la Olimpiada Nacional de Geograf\u00eda.<\/p>\n<p>Acompa\u00f1aron a los j\u00f3venes Fernando Garc\u00eda Garc\u00eda y Elda Luyando L\u00f3pez, coordinador y coordinadora acad\u00e9mica de la Olimpiada Mexicana de Geograf\u00eda, respectivamente.&#8221;&#8230;<\/p>\n<p>&nbsp;<\/p>\n<p>Fuente:<\/p>\n<p><a href=\"http:\/\/www.eluniversal.com.mx\/notas\/530529.html\">http:\/\/www.eluniversal.com.mx\/notas\/530529.html<\/a><br \/>\nCon nota de Notimex<\/p>\n<p>Como siempre, mentalmente un pa\u00eds de primer nivel&#8230;<\/p>\n","protected":false},"excerpt":{"rendered":"<p>&nbsp; &#8230;&#8221;La selecci\u00f3n de estudiantes que represent\u00f3 a M\u00e9xico en la VII Olimpiada Internacional de Geograf\u00eda, obtuvo preseas de oro y plata, inform\u00f3 la Academia Mexicana de Ciencias. Las medallas obtenidas durante la justa efectuada en Cartago, T\u00fanez, del 7 al 12 de agosto, fueron para Francisco Javier Quezada Figueroa, de Guerrero, y Emanuel Johansen [&hellip;]<\/p>\n","protected":false},"author":1,"featured_media":2378,"comment_status":"open","ping_status":"open","sticky":false,"template":"","format":"standard","meta":{"jetpack_post_was_ever_published":false,"_jetpack_newsletter_access":"","_jetpack_dont_email_post_to_subs":false,"_jetpack_newsletter_tier_id":0,"_jetpack_memberships_contains_paywalled_content":false,"_jetpack_memberships_contains_paid_content":false,"footnotes":"","jetpack_publicize_message":"","jetpack_publicize_feature_enabled":true,"jetpack_social_post_already_shared":false,"jetpack_social_options":{"image_generator_settings":{"template":"highway","default_image_id":0,"font":"","enabled":false},"version":2}},"categories":[1002],"tags":[143,431,600,611,684,691,739],"class_list":["post-40","post","type-post","status-publish","format-standard","has-post-thumbnail","hentry","category-featured","tag-beijing","tag-geografia","tag-medalla","tag-mexico","tag-olimpiada","tag-oro","tag-plata"],"jetpack_publicize_connections":[],"jetpack_featured_media_url":"https:\/\/i0.wp.com\/cocoalopez.com\/blog\/wp-content\/uploads\/2008\/08\/chrome_2017-02-26_19-52-43.png?fit=486%2C367&ssl=1","jetpack_sharing_enabled":true,"jetpack_shortlink":"https:\/\/wp.me\/p9XJix-E","jetpack-related-posts":[{"id":1349,"url":"https:\/\/cocoalopez.com\/blog\/?p=1349","url_meta":{"origin":40,"position":0},"title":"C\u00f3mo entr\u00e9 a Gobelins&#8230;","author":"cgmodeler","date":"August 7, 2012","format":false,"excerpt":"Me gustar\u00eda compartirles un poco lo que viv\u00ed para llegar ac\u00e1 y c\u00f3mo decid\u00ed el no buscar una escuela en M\u00e9xico. Decid\u00ed estudiar animaci\u00f3n hace aproximadamente 12 a\u00f1os. Como muchas personas dentro del medio pens\u00e9 que Dise\u00f1o Gr\u00e1fico era lo que m\u00e1s se aproximaba y al no tener los medios\u2026","rel":"","context":"In &quot;Featured&quot;","block_context":{"text":"Featured","link":"https:\/\/cocoalopez.com\/blog\/?cat=1002"},"img":{"alt_text":"","src":"https:\/\/i0.wp.com\/cocoalopez.com\/blog\/wp-content\/uploads\/2012\/08\/Ed_Gobelins.jpg?fit=1200%2C1200&ssl=1&resize=350%2C200","width":350,"height":200,"srcset":"https:\/\/i0.wp.com\/cocoalopez.com\/blog\/wp-content\/uploads\/2012\/08\/Ed_Gobelins.jpg?fit=1200%2C1200&ssl=1&resize=350%2C200 1x, https:\/\/i0.wp.com\/cocoalopez.com\/blog\/wp-content\/uploads\/2012\/08\/Ed_Gobelins.jpg?fit=1200%2C1200&ssl=1&resize=525%2C300 1.5x, https:\/\/i0.wp.com\/cocoalopez.com\/blog\/wp-content\/uploads\/2012\/08\/Ed_Gobelins.jpg?fit=1200%2C1200&ssl=1&resize=700%2C400 2x, https:\/\/i0.wp.com\/cocoalopez.com\/blog\/wp-content\/uploads\/2012\/08\/Ed_Gobelins.jpg?fit=1200%2C1200&ssl=1&resize=1050%2C600 3x"},"classes":[]},{"id":2025,"url":"https:\/\/cocoalopez.com\/blog\/?p=2025","url_meta":{"origin":40,"position":1},"title":"Por qu\u00e9 TRUMP es la mejor opci\u00f3n para M\u00e9xico y latinoam\u00e9rica","author":"cgmodeler","date":"November 7, 2016","format":false,"excerpt":"Por qu\u00e9 TRUMP como presidente ser\u00eda bueno para M\u00e9xico y todo Latinoam\u00e9rica. 1. Al eliminar\/renegociar el TLC(NAFTA) se eliminar\u00edan empleos en \u00e9ste lado de la frontera. Recuerden que \u00e9stos empleos tienen que ver con salarios m\u00ednimos, es decir MAZDA, HITACHI, PANASONIC, HYUNDAI, AUDI, ELECTROLUX, etc... usan la mano de obra\u2026","rel":"","context":"In &quot;La vida en Tokyo&quot;","block_context":{"text":"La vida en Tokyo","link":"https:\/\/cocoalopez.com\/blog\/?cat=18"},"img":{"alt_text":"","src":"https:\/\/i0.wp.com\/cocoalopez.com\/blog\/wp-content\/uploads\/2016\/11\/5440004897_019dde2b8c_b1.jpg?fit=1024%2C683&ssl=1&resize=350%2C200","width":350,"height":200,"srcset":"https:\/\/i0.wp.com\/cocoalopez.com\/blog\/wp-content\/uploads\/2016\/11\/5440004897_019dde2b8c_b1.jpg?fit=1024%2C683&ssl=1&resize=350%2C200 1x, https:\/\/i0.wp.com\/cocoalopez.com\/blog\/wp-content\/uploads\/2016\/11\/5440004897_019dde2b8c_b1.jpg?fit=1024%2C683&ssl=1&resize=525%2C300 1.5x, https:\/\/i0.wp.com\/cocoalopez.com\/blog\/wp-content\/uploads\/2016\/11\/5440004897_019dde2b8c_b1.jpg?fit=1024%2C683&ssl=1&resize=700%2C400 2x"},"classes":[]},{"id":945,"url":"https:\/\/cocoalopez.com\/blog\/?p=945","url_meta":{"origin":40,"position":2},"title":"Conapred contra el racismo&#8230; [video]","author":"cgmodeler","date":"December 18, 2011","format":false,"excerpt":"Desde ni\u00f1os generamos prejuicios enormes y crecemos envueltos en un clasismo favorecido por los medios de comunicaci\u00f3n que proyectan una im\u00e1gen aspiracional de la mexicanidad. Exponen de manera unilateral, material que permea nuestro intelecto desde una temprana edad y forma los prejuicios tan grandes que debemos luchar a lo largo\u2026","rel":"","context":"In &quot;part of a whole&quot;","block_context":{"text":"part of a whole","link":"https:\/\/cocoalopez.com\/blog\/?cat=23"},"img":{"alt_text":"","src":"","width":0,"height":0},"classes":[]},{"id":380,"url":"https:\/\/cocoalopez.com\/blog\/?p=380","url_meta":{"origin":40,"position":3},"title":"M\u00e1s informaci\u00f3n sobre la reforma pol\u00edtica&#8230;","author":"cgmodeler","date":"April 29, 2011","format":false,"excerpt":"Aqu\u00ed se ennumeran los puntos en la mencionada \"Reforma Pol\u00edtica\". Permitir la reelecci\u00f3n consecutiva de alcaldes, regidores y jefes delegacionales, delimitando un per\u00edodo m\u00e1ximo de doce a\u00f1os en el puesto. Se modifica el art\u00edculo 115 de la Constituci\u00f3n. \u00a0 Permitir la elecci\u00f3n consecutiva de legisladores locales y federales hasta por\u2026","rel":"","context":"In &quot;La guerra contra el pueblo&quot;","block_context":{"text":"La guerra contra el pueblo","link":"https:\/\/cocoalopez.com\/blog\/?cat=15"},"img":{"alt_text":"","src":"https:\/\/i0.wp.com\/cocoalopez.com\/blog\/wp-content\/uploads\/2017\/02\/Honeyview_2017-02-26_20-10-11.png?fit=1200%2C591&ssl=1&resize=350%2C200","width":350,"height":200,"srcset":"https:\/\/i0.wp.com\/cocoalopez.com\/blog\/wp-content\/uploads\/2017\/02\/Honeyview_2017-02-26_20-10-11.png?fit=1200%2C591&ssl=1&resize=350%2C200 1x, https:\/\/i0.wp.com\/cocoalopez.com\/blog\/wp-content\/uploads\/2017\/02\/Honeyview_2017-02-26_20-10-11.png?fit=1200%2C591&ssl=1&resize=525%2C300 1.5x, https:\/\/i0.wp.com\/cocoalopez.com\/blog\/wp-content\/uploads\/2017\/02\/Honeyview_2017-02-26_20-10-11.png?fit=1200%2C591&ssl=1&resize=700%2C400 2x, https:\/\/i0.wp.com\/cocoalopez.com\/blog\/wp-content\/uploads\/2017\/02\/Honeyview_2017-02-26_20-10-11.png?fit=1200%2C591&ssl=1&resize=1050%2C600 3x"},"classes":[]},{"id":113,"url":"https:\/\/cocoalopez.com\/blog\/?p=113","url_meta":{"origin":40,"position":4},"title":"Ni\u00f1os gritan &quot;M\u00e9xico, M\u00e9xico a grupo antimigrantes en EU","author":"cgmodeler","date":"March 27, 2009","format":false,"excerpt":"...\"Un grupo de ni\u00f1os de origen mexicano, estudiantes de una escuela primaria de Santa Ana, California, desafiaron a un grupo de manifestantes del grupo antimigrantes Minutemen. Unos 20 ni\u00f1os, desde el interior de su colegio, gritaban \"M\u00e9xico, M\u00e9xico...\" ante la presencia del grupo antimigrantes. La c\u00e1mara de una ficionado que\u2026","rel":"","context":"In \"de\"","block_context":{"text":"de","link":"https:\/\/cocoalopez.com\/blog\/?tag=de"},"img":{"alt_text":"","src":"https:\/\/i0.wp.com\/cocoalopez.com\/blog\/wp-content\/uploads\/2017\/02\/Honeyview_2017-02-26_20-10-11.png?fit=1200%2C591&ssl=1&resize=350%2C200","width":350,"height":200,"srcset":"https:\/\/i0.wp.com\/cocoalopez.com\/blog\/wp-content\/uploads\/2017\/02\/Honeyview_2017-02-26_20-10-11.png?fit=1200%2C591&ssl=1&resize=350%2C200 1x, https:\/\/i0.wp.com\/cocoalopez.com\/blog\/wp-content\/uploads\/2017\/02\/Honeyview_2017-02-26_20-10-11.png?fit=1200%2C591&ssl=1&resize=525%2C300 1.5x, https:\/\/i0.wp.com\/cocoalopez.com\/blog\/wp-content\/uploads\/2017\/02\/Honeyview_2017-02-26_20-10-11.png?fit=1200%2C591&ssl=1&resize=700%2C400 2x, https:\/\/i0.wp.com\/cocoalopez.com\/blog\/wp-content\/uploads\/2017\/02\/Honeyview_2017-02-26_20-10-11.png?fit=1200%2C591&ssl=1&resize=1050%2C600 3x"},"classes":[]},{"id":832,"url":"https:\/\/cocoalopez.com\/blog\/?p=832","url_meta":{"origin":40,"position":5},"title":"Preguntas y respuestas: &quot;Mejores escuelas de animaci\u00f3n, nacional y mundial&quot;","author":"cgmodeler","date":"October 18, 2011","format":false,"excerpt":"Otra pregunta de las que nos hacen pensar :) Que tal amigos, me acabo de unir, pero les quer\u00eda preguntar que escuelas son buenas en EU y Canada y aqui en M\u00e9xico, si pudieran darme precios estimados, etc Hehehe, te recomiendo investigar por tu cuenta, entrar a los sitios de\u2026","rel":"","context":"In &quot;3d &amp; Design&quot;","block_context":{"text":"3d &amp; Design","link":"https:\/\/cocoalopez.com\/blog\/?cat=2"},"img":{"alt_text":"","src":"https:\/\/i0.wp.com\/cocoalopez.com\/blog\/wp-content\/uploads\/2008\/09\/spiderman_calle_c.jpg?fit=481%2C667&ssl=1&resize=350%2C200","width":350,"height":200},"classes":[]}],"_links":{"self":[{"href":"https:\/\/cocoalopez.com\/blog\/index.php?rest_route=\/wp\/v2\/posts\/40","targetHints":{"allow":["GET"]}}],"collection":[{"href":"https:\/\/cocoalopez.com\/blog\/index.php?rest_route=\/wp\/v2\/posts"}],"about":[{"href":"https:\/\/cocoalopez.com\/blog\/index.php?rest_route=\/wp\/v2\/types\/post"}],"author":[{"embeddable":true,"href":"https:\/\/cocoalopez.com\/blog\/index.php?rest_route=\/wp\/v2\/users\/1"}],"replies":[{"embeddable":true,"href":"https:\/\/cocoalopez.com\/blog\/index.php?rest_route=%2Fwp%2Fv2%2Fcomments&post=40"}],"version-history":[{"count":2,"href":"https:\/\/cocoalopez.com\/blog\/index.php?rest_route=\/wp\/v2\/posts\/40\/revisions"}],"predecessor-version":[{"id":2379,"href":"https:\/\/cocoalopez.com\/blog\/index.php?rest_route=\/wp\/v2\/posts\/40\/revisions\/2379"}],"wp:featuredmedia":[{"embeddable":true,"href":"https:\/\/cocoalopez.com\/blog\/index.php?rest_route=\/wp\/v2\/media\/2378"}],"wp:attachment":[{"href":"https:\/\/cocoalopez.com\/blog\/index.php?rest_route=%2Fwp%2Fv2%2Fmedia&parent=40"}],"wp:term":[{"taxonomy":"category","embeddable":true,"href":"https:\/\/cocoalopez.com\/blog\/index.php?rest_route=%2Fwp%2Fv2%2Fcategories&post=40"},{"taxonomy":"post_tag","embeddable":true,"href":"https:\/\/cocoalopez.com\/blog\/index.php?rest_route=%2Fwp%2Fv2%2Ftags&post=40"}],"curies":[{"name":"wp","href":"https:\/\/api.w.org\/{rel}","templated":true}]}}